{"id":633,"date":"2024-07-12T01:35:00","date_gmt":"2024-07-12T00:35:00","guid":{"rendered":"https:\/\/default.houzez.co\/?p=633"},"modified":"2024-10-07T07:50:14","modified_gmt":"2024-10-07T06:50:14","slug":"fejlesztesek-a-munkasszalasok-piacan","status":"publish","type":"post","link":"https:\/\/kiger.hu\/munkasszallokereso\/2024\/07\/12\/fejlesztesek-a-munkasszalasok-piacan\/","title":{"rendered":"Fejleszt\u00e9sek a munk\u00e1ssz\u00e1ll\u00e1sok piac\u00e1n: 2024. j\u00faliusi h\u00edrek"},"content":{"rendered":"<p><span style=\"font-family: Times New Roman, serif;\"><span style=\"font-size: medium;\">2024 j\u00falius\u00e1ban a munk\u00e1ssz\u00e1ll\u00f3k piac\u00e1n \u00faj fejleszt\u00e9sek \u00e9s beruh\u00e1z\u00e1sok ker\u00fcltek a figyelem k\u00f6z\u00e9ppontj\u00e1ba. Az ipar\u00e1gi szerepl\u0151k a h\u00f3nap sor\u00e1n t\u00f6bb jelent\u0151s projektet is bejelentettek, amelyek c\u00e9lja a munk\u00e1ssz\u00e1ll\u00f3k min\u0151s\u00e9g\u00e9nek jav\u00edt\u00e1sa \u00e9s a munkav\u00e1llal\u00f3k k\u00e9nyelm\u00e9nek n\u00f6vel\u00e9se. A n\u00f6vekv\u0151 munkaer\u0151ig\u00e9ny k\u00fcl\u00f6n\u00f6sen az \u00e9p\u00edt\u0151ipar \u00e9s az ipari szektor ter\u00fclet\u00e9n eredm\u00e9nyezte, hogy a munk\u00e1ssz\u00e1ll\u00e1sok k\u00edn\u00e1lat\u00e1t b\u0151v\u00edteni kellett.<\/span><\/span><\/p>\n<p><span style=\"font-family: Times New Roman, serif;\"><span style=\"font-size: medium;\">A c\u00e9l az, hogy a munk\u00e1ssz\u00e1ll\u00f3k ne csup\u00e1n alv\u00f3helyek legyenek, hanem olyan ingatlanok, ahol a dolgoz\u00f3k k\u00e9nyelmesen pihenhetnek \u00e9s felt\u00f6lt\u0151dhetnek.<\/span><\/span><\/p>\n<p><span style=\"font-family: Times New Roman, serif;\"><span style=\"font-size: medium;\">A beruh\u00e1z\u00f3k \u00e9s \u00fczemeltet\u0151k egyar\u00e1nt hangs\u00falyozt\u00e1k, hogy az energiahat\u00e9konys\u00e1g \u00e9s a fenntarthat\u00f3s\u00e1g egyre fontosabb szerepet j\u00e1tszik a munk\u00e1ssz\u00e1ll\u00f3k \u00e9p\u00edt\u00e9s\u00e9ben \u00e9s fenntart\u00e1s\u00e1ban. J\u00faliusban t\u00f6bb projekt is elindult, amelyek c\u00e9lja a meg\u00fajul\u00f3 energi\u00e1k haszn\u00e1lat\u00e1nak n\u00f6vel\u00e9se, mint p\u00e9ld\u00e1ul napelemek telep\u00edt\u00e9se a sz\u00e1ll\u00e1sok tetej\u00e9n, valamint energiatakar\u00e9kos vil\u00e1g\u00edt\u00e1s \u00e9s f\u0171t\u00e9si rendszerek alkalmaz\u00e1sa.<\/span><\/span><\/p>\n<p><span style=\"font-family: Times New Roman, serif;\"><span style=\"font-size: medium;\">Egy j\u00faliusi konferenci\u00e1n a szak\u00e9rt\u0151k arra is felh\u00edvt\u00e1k a figyelmet, hogy a munk\u00e1ssz\u00e1ll\u00e1sok ir\u00e1nti kereslet tov\u00e1bbra is n\u00f6vekv\u0151 tendenci\u00e1t mutat. A vid\u00e9ki ipari k\u00f6zpontokban, mint p\u00e9ld\u00e1ul Debrecenben vagy Sz\u00e9kesfeh\u00e9rv\u00e1ron, ahol a gy\u00e1rt\u00f3- \u00e9s logisztikai c\u00e9gek b\u0151v\u00edtik tev\u00e9kenys\u00e9g\u00fcket, egyre nagyobb sz\u00fcks\u00e9g van korszer\u0171 \u00e9s megfizethet\u0151 sz\u00e1ll\u00e1shelyekre a dolgoz\u00f3k sz\u00e1m\u00e1ra. Az \u00e1llami \u00e9s mag\u00e1nszf\u00e9ra k\u00f6z\u00f6tti egy\u00fcttm\u0171k\u00f6d\u00e9s fontos szerepet j\u00e1tszik a munk\u00e1ssz\u00e1ll\u00e1sok fejleszt\u00e9s\u00e9ben, k\u00fcl\u00f6n\u00f6sen a munkav\u00e1llal\u00f3i mobilit\u00e1s t\u00e1mogat\u00e1sa \u00e9s a helyi gazdas\u00e1g \u00e9l\u00e9nk\u00edt\u00e9se \u00e9rdek\u00e9ben.<\/span><\/span><\/p>\n<p><span style=\"font-family: Times New Roman, serif;\"><span style=\"font-size: medium;\">\u00d6sszess\u00e9g\u00e9ben a 2024. j\u00faliusban megjelent h\u00edrek azt mutatj\u00e1k, hogy a munk\u00e1ssz\u00e1ll\u00f3k piaca dinamikusan fejl\u0151dik, \u00e9s az ipar\u00e1gi szerepl\u0151k folyamatosan \u00faj megold\u00e1sokat keresnek a munkav\u00e1llal\u00f3k ig\u00e9nyeinek kiel\u00e9g\u00edt\u00e9s\u00e9re. Az \u00faj beruh\u00e1z\u00e1sok \u00e9s a fenntarthat\u00f3s\u00e1gi szempontok figyelembev\u00e9tele el\u0151revet\u00edti, hogy a munk\u00e1ssz\u00e1ll\u00e1sok a j\u00f6v\u0151ben is fontos szerepet j\u00e1tszanak majd a munkaer\u0151 mobilit\u00e1s\u00e1nak biztos\u00edt\u00e1s\u00e1ban.<\/span><\/span><\/p>\n","protected":false},"excerpt":{"rendered":"<p>2024 j\u00falius\u00e1ban a munk\u00e1ssz\u00e1ll\u00f3k piac\u00e1n \u00faj fejleszt\u00e9sek \u00e9s beruh\u00e1z\u00e1sok ker\u00fcltek a figyelem k\u00f6z\u00e9ppontj\u00e1ba. Az ipar\u00e1gi szerepl\u0151k a h\u00f3nap sor\u00e1n t\u00f6bb jelent\u0151s projektet is bejelentettek, amelyek c\u00e9lja a munk\u00e1ssz\u00e1ll\u00f3k min\u0151s\u00e9g\u00e9nek jav\u00edt\u00e1sa \u00e9s a munkav\u00e1llal\u00f3k k\u00e9nyelm\u00e9nek n\u00f6vel\u00e9se. A n\u00f6vekv\u0151 munkaer\u0151ig\u00e9ny k\u00fcl\u00f6n\u00f6sen az \u00e9p\u00edt\u0151ipar \u00e9s az ipari szektor ter\u00fclet\u00e9n eredm\u00e9nyezte, hogy a munk\u00e1ssz\u00e1ll\u00e1sok k\u00edn\u00e1lat\u00e1t b\u0151v\u00edteni kellett. A c\u00e9l [&hellip;]<\/p>\n","protected":false},"author":1,"featured_media":19116,"comment_status":"open","ping_status":"open","sticky":false,"template":"","format":"standard","meta":{"_monsterinsights_skip_tracking":false,"_monsterinsights_sitenote_active":false,"_monsterinsights_sitenote_note":"","_monsterinsights_sitenote_category":0,"footnotes":""},"categories":[1],"tags":[],"class_list":["post-633","post","type-post","status-publish","format-standard","has-post-thumbnail","hentry","category-hirek"],"aioseo_notices":[],"_links":{"self":[{"href":"https:\/\/kiger.hu\/munkasszallokereso\/wp-json\/wp\/v2\/posts\/633","targetHints":{"allow":["GET"]}}],"collection":[{"href":"https:\/\/kiger.hu\/munkasszallokereso\/wp-json\/wp\/v2\/posts"}],"about":[{"href":"https:\/\/kiger.hu\/munkasszallokereso\/wp-json\/wp\/v2\/types\/post"}],"author":[{"embeddable":true,"href":"https:\/\/kiger.hu\/munkasszallokereso\/wp-json\/wp\/v2\/users\/1"}],"replies":[{"embeddable":true,"href":"https:\/\/kiger.hu\/munkasszallokereso\/wp-json\/wp\/v2\/comments?post=633"}],"version-history":[{"count":1,"href":"https:\/\/kiger.hu\/munkasszallokereso\/wp-json\/wp\/v2\/posts\/633\/revisions"}],"predecessor-version":[{"id":19119,"href":"https:\/\/kiger.hu\/munkasszallokereso\/wp-json\/wp\/v2\/posts\/633\/revisions\/19119"}],"wp:featuredmedia":[{"embeddable":true,"href":"https:\/\/kiger.hu\/munkasszallokereso\/wp-json\/wp\/v2\/media\/19116"}],"wp:attachment":[{"href":"https:\/\/kiger.hu\/munkasszallokereso\/wp-json\/wp\/v2\/media?parent=633"}],"wp:term":[{"taxonomy":"category","embeddable":true,"href":"https:\/\/kiger.hu\/munkasszallokereso\/wp-json\/wp\/v2\/categories?post=633"},{"taxonomy":"post_tag","embeddable":true,"href":"https:\/\/kiger.hu\/munkasszallokereso\/wp-json\/wp\/v2\/tags?post=633"}],"curies":[{"name":"wp","href":"https:\/\/api.w.org\/{rel}","templated":true}]}}